{"id":8974,"date":"2026-09-01T11:08:29","date_gmt":"2026-09-01T09:08:29","guid":{"rendered":"https:\/\/karriere.cancom.de\/karriere-blog\/?p=8974"},"modified":"2026-09-01T11:08:32","modified_gmt":"2026-09-01T09:08:32","slug":"rapid-response-einsatz-dosenthunfisch-als-krisenstrategie","status":"publish","type":"post","link":"https:\/\/karriere.cancom.de\/karriere-blog\/2026\/09\/rapid-response-einsatz-dosenthunfisch-als-krisenstrategie\/","title":{"rendered":"Rapid-Response-Einsatz: Dosenthunfisch als Krisenstrategie"},"content":{"rendered":"","protected":false},"excerpt":{"rendered":"<p>Cyberkrisen sind selten nur technische Herausforderungen. Nachdem Walter Wirl bereits Einblicke in den Ablauf eines Rapid-Response-Einsatzes gegeben hat, richten wir den Blick nun auf die Menschen hinter dem Krisenmanagement. Er spricht \u00fcber emotionale Ausnahmesituationen, F\u00fchrung unter Druck, pr\u00e4gende Eins\u00e4tze und die Frage, welche F\u00e4higkeiten ein Krisenmanager wirklich braucht. Warum gute Vorbereitung dabei manchmal mit Konserven im Auto beginnt, erz\u00e4hlt er ebenfalls.<\/p>\n","protected":false},"author":38,"featured_media":8975,"comment_status":"closed","ping_status":"closed","sticky":false,"template":"","format":"standard","meta":{"greyd_block_editor_preview":[]},"categories":[904],"tags":[],"post_sichtbarkeit":[955],"post_beitragsformat":[630],"post_bereich":[874],"post_sprungmarke":[],"post_ansicht":[],"post_contentview":[884,687,688,689,690,691,692,693,694],"post_interview":[],"post_lesedauer":[704],"post_seite":[],"post_keywordtags":[975,976,963],"autoren":[931],"publishpress_future_action":{"enabled":false,"date":"1970-01-01 01:00:00","action":"","terms":[],"taxonomy":"","browser_timezone_offset":0},"_links":{"self":[{"href":"https:\/\/karriere.cancom.de\/karriere-blog\/wp-json\/wp\/v2\/posts\/8974"}],"collection":[{"href":"https:\/\/karriere.cancom.de\/karriere-blog\/wp-json\/wp\/v2\/posts"}],"about":[{"href":"https:\/\/karriere.cancom.de\/karriere-blog\/wp-json\/wp\/v2\/types\/post"}],"author":[{"embeddable":true,"href":"https:\/\/karriere.cancom.de\/karriere-blog\/wp-json\/wp\/v2\/users\/38"}],"replies":[{"embeddable":true,"href":"https:\/\/karriere.cancom.de\/karriere-blog\/wp-json\/wp\/v2\/comments?post=8974"}],"version-history":[{"count":1,"href":"https:\/\/karriere.cancom.de\/karriere-blog\/wp-json\/wp\/v2\/posts\/8974\/revisions"}],"predecessor-version":[{"id":8976,"href":"https:\/\/karriere.cancom.de\/karriere-blog\/wp-json\/wp\/v2\/posts\/8974\/revisions\/8976"}],"wp:featuredmedia":[{"embeddable":true,"href":"https:\/\/karriere.cancom.de\/karriere-blog\/wp-json\/wp\/v2\/media\/8975"}],"wp:attachment":[{"href":"https:\/\/karriere.cancom.de\/karriere-blog\/wp-json\/wp\/v2\/media?parent=8974"}],"wp:term":[{"taxonomy":"category","embeddable":true,"href":"https:\/\/karriere.cancom.de\/karriere-blog\/wp-json\/wp\/v2\/categories?post=8974"},{"taxonomy":"post_tag","embeddable":true,"href":"https:\/\/karriere.cancom.de\/karriere-blog\/wp-json\/wp\/v2\/tags?post=8974"},{"taxonomy":"post_sichtbarkeit","embeddable":true,"href":"https:\/\/karriere.cancom.de\/karriere-blog\/wp-json\/wp\/v2\/post_sichtbarkeit?post=8974"},{"taxonomy":"post_beitragsformat","embeddable":true,"href":"https:\/\/karriere.cancom.de\/karriere-blog\/wp-json\/wp\/v2\/post_beitragsformat?post=8974"},{"taxonomy":"post_bereich","embeddable":true,"href":"https:\/\/karriere.cancom.de\/karriere-blog\/wp-json\/wp\/v2\/post_bereich?post=8974"},{"taxonomy":"post_sprungmarke","embeddable":true,"href":"https:\/\/karriere.cancom.de\/karriere-blog\/wp-json\/wp\/v2\/post_sprungmarke?post=8974"},{"taxonomy":"post_ansicht","embeddable":true,"href":"https:\/\/karriere.cancom.de\/karriere-blog\/wp-json\/wp\/v2\/post_ansicht?post=8974"},{"taxonomy":"post_contentview","embeddable":true,"href":"https:\/\/karriere.cancom.de\/karriere-blog\/wp-json\/wp\/v2\/post_contentview?post=8974"},{"taxonomy":"post_interview","embeddable":true,"href":"https:\/\/karriere.cancom.de\/karriere-blog\/wp-json\/wp\/v2\/post_interview?post=8974"},{"taxonomy":"post_lesedauer","embeddable":true,"href":"https:\/\/karriere.cancom.de\/karriere-blog\/wp-json\/wp\/v2\/post_lesedauer?post=8974"},{"taxonomy":"post_seite","embeddable":true,"href":"https:\/\/karriere.cancom.de\/karriere-blog\/wp-json\/wp\/v2\/post_seite?post=8974"},{"taxonomy":"post_keywordtags","embeddable":true,"href":"https:\/\/karriere.cancom.de\/karriere-blog\/wp-json\/wp\/v2\/post_keywordtags?post=8974"},{"taxonomy":"autoren","embeddable":true,"href":"https:\/\/karriere.cancom.de\/karriere-blog\/wp-json\/wp\/v2\/autoren?post=8974"}],"curies":[{"name":"wp","href":"https:\/\/api.w.org\/{rel}","templated":true}]}}