{"id":8931,"date":"2026-04-22T08:54:58","date_gmt":"2026-04-22T06:54:58","guid":{"rendered":"https:\/\/karriere.cancom.de\/karriere-blog\/?p=8931"},"modified":"2026-04-22T10:02:28","modified_gmt":"2026-04-22T08:02:28","slug":"25-jahre-bei-cancom-25-jahre-education-25-jahre-digitalisierung","status":"publish","type":"post","link":"https:\/\/karriere.cancom.de\/karriere-blog\/2026\/04\/25-jahre-bei-cancom-25-jahre-education-25-jahre-digitalisierung\/","title":{"rendered":"25 Jahre bei CANCOM, 25 Jahre Education, 25 Jahre Digitalisierung"},"content":{"rendered":"","protected":false},"excerpt":{"rendered":"<p>Vom Generalisten der fr\u00fchen 2000er zum strategischen Impulsgeber f\u00fcr Digitalisierung im Bildungs- und Public-Sektor: Seit 25 Jahren gestaltet unser Kollege Sven Albrecht mit Leidenschaft und Expertise die Welt der Bildungstechnologie von CANCOM mit. Ob in Projekten mit Kommunen, Hochschulen oder landesweiten Partnern, kaum jemand hat die Ver\u00e4nderungen, Herausforderungen und Chancen der letzten Jahrzehnte in diesem Bereich so intensiv miterlebt und mitgepr\u00e4gt. Im Gespr\u00e4ch blickt er zur\u00fcck auf seine Anf\u00e4nge, erz\u00e4hlt von pr\u00e4genden Momenten und zeigt, warum ihn das Thema Education bis heute nicht losl\u00e4sst.<\/p>\n","protected":false},"author":38,"featured_media":8932,"comment_status":"closed","ping_status":"closed","sticky":false,"template":"","format":"standard","meta":{"greyd_block_editor_preview":[]},"categories":[905],"tags":[],"post_sichtbarkeit":[955],"post_beitragsformat":[630],"post_bereich":[874],"post_sprungmarke":[],"post_ansicht":[],"post_contentview":[884,687,688,689,690,691,692,693],"post_interview":[],"post_lesedauer":[704],"post_seite":[],"post_keywordtags":[961,963],"autoren":[931],"publishpress_future_action":{"enabled":false,"date":"1970-01-01 01:00:00","action":"","terms":[],"taxonomy":"","browser_timezone_offset":0},"_links":{"self":[{"href":"https:\/\/karriere.cancom.de\/karriere-blog\/wp-json\/wp\/v2\/posts\/8931"}],"collection":[{"href":"https:\/\/karriere.cancom.de\/karriere-blog\/wp-json\/wp\/v2\/posts"}],"about":[{"href":"https:\/\/karriere.cancom.de\/karriere-blog\/wp-json\/wp\/v2\/types\/post"}],"author":[{"embeddable":true,"href":"https:\/\/karriere.cancom.de\/karriere-blog\/wp-json\/wp\/v2\/users\/38"}],"replies":[{"embeddable":true,"href":"https:\/\/karriere.cancom.de\/karriere-blog\/wp-json\/wp\/v2\/comments?post=8931"}],"version-history":[{"count":1,"href":"https:\/\/karriere.cancom.de\/karriere-blog\/wp-json\/wp\/v2\/posts\/8931\/revisions"}],"predecessor-version":[{"id":8933,"href":"https:\/\/karriere.cancom.de\/karriere-blog\/wp-json\/wp\/v2\/posts\/8931\/revisions\/8933"}],"wp:featuredmedia":[{"embeddable":true,"href":"https:\/\/karriere.cancom.de\/karriere-blog\/wp-json\/wp\/v2\/media\/8932"}],"wp:attachment":[{"href":"https:\/\/karriere.cancom.de\/karriere-blog\/wp-json\/wp\/v2\/media?parent=8931"}],"wp:term":[{"taxonomy":"category","embeddable":true,"href":"https:\/\/karriere.cancom.de\/karriere-blog\/wp-json\/wp\/v2\/categories?post=8931"},{"taxonomy":"post_tag","embeddable":true,"href":"https:\/\/karriere.cancom.de\/karriere-blog\/wp-json\/wp\/v2\/tags?post=8931"},{"taxonomy":"post_sichtbarkeit","embeddable":true,"href":"https:\/\/karriere.cancom.de\/karriere-blog\/wp-json\/wp\/v2\/post_sichtbarkeit?post=8931"},{"taxonomy":"post_beitragsformat","embeddable":true,"href":"https:\/\/karriere.cancom.de\/karriere-blog\/wp-json\/wp\/v2\/post_beitragsformat?post=8931"},{"taxonomy":"post_bereich","embeddable":true,"href":"https:\/\/karriere.cancom.de\/karriere-blog\/wp-json\/wp\/v2\/post_bereich?post=8931"},{"taxonomy":"post_sprungmarke","embeddable":true,"href":"https:\/\/karriere.cancom.de\/karriere-blog\/wp-json\/wp\/v2\/post_sprungmarke?post=8931"},{"taxonomy":"post_ansicht","embeddable":true,"href":"https:\/\/karriere.cancom.de\/karriere-blog\/wp-json\/wp\/v2\/post_ansicht?post=8931"},{"taxonomy":"post_contentview","embeddable":true,"href":"https:\/\/karriere.cancom.de\/karriere-blog\/wp-json\/wp\/v2\/post_contentview?post=8931"},{"taxonomy":"post_interview","embeddable":true,"href":"https:\/\/karriere.cancom.de\/karriere-blog\/wp-json\/wp\/v2\/post_interview?post=8931"},{"taxonomy":"post_lesedauer","embeddable":true,"href":"https:\/\/karriere.cancom.de\/karriere-blog\/wp-json\/wp\/v2\/post_lesedauer?post=8931"},{"taxonomy":"post_seite","embeddable":true,"href":"https:\/\/karriere.cancom.de\/karriere-blog\/wp-json\/wp\/v2\/post_seite?post=8931"},{"taxonomy":"post_keywordtags","embeddable":true,"href":"https:\/\/karriere.cancom.de\/karriere-blog\/wp-json\/wp\/v2\/post_keywordtags?post=8931"},{"taxonomy":"autoren","embeddable":true,"href":"https:\/\/karriere.cancom.de\/karriere-blog\/wp-json\/wp\/v2\/autoren?post=8931"}],"curies":[{"name":"wp","href":"https:\/\/api.w.org\/{rel}","templated":true}]}}