{"id":8905,"date":"2026-04-06T07:58:24","date_gmt":"2026-04-06T05:58:24","guid":{"rendered":"https:\/\/karriere.cancom.de\/karriere-blog\/?p=8905"},"modified":"2026-04-20T10:56:20","modified_gmt":"2026-04-20T08:56:20","slug":"vom-soldaten-zur-systemintegration","status":"publish","type":"post","link":"https:\/\/karriere.cancom.de\/karriere-blog\/2026\/04\/vom-soldaten-zur-systemintegration\/","title":{"rendered":"Vom Soldaten zur Systemintegration"},"content":{"rendered":"","protected":false},"excerpt":{"rendered":"<p>Nach \u00fcber 10 Jahren als Soldat auf Zeit und Reservist bei der Bundeswehr hat Simon Brauer 2025 einen neuen Weg bei CANCOM eingeschlagen. Mit einer Ausbildung zum Fachinformatiker f\u00fcr Systemintegration will er seine Erfahrungen beim Bund gezielt in seinem neuen Berufsfeld zum Einsatz bringen. Denn dort war er bereits als Systemadministrator t\u00e4tig. Im Interview erz\u00e4hlt uns Simon seine Geschichte und die Hintergr\u00fcnde seines Karrierewechsels.<\/p>\n","protected":false},"author":38,"featured_media":8906,"comment_status":"closed","ping_status":"closed","sticky":false,"template":"","format":"standard","meta":{"greyd_block_editor_preview":[]},"categories":[905],"tags":[],"post_sichtbarkeit":[955],"post_beitragsformat":[630],"post_bereich":[874],"post_sprungmarke":[],"post_ansicht":[],"post_contentview":[884,687,688,689,690,691,692],"post_interview":[],"post_lesedauer":[703],"post_seite":[],"post_keywordtags":[959,961,963],"autoren":[986],"publishpress_future_action":{"enabled":false,"date":"1970-01-01 01:00:00","action":"","terms":[],"taxonomy":"","browser_timezone_offset":0},"_links":{"self":[{"href":"https:\/\/karriere.cancom.de\/karriere-blog\/wp-json\/wp\/v2\/posts\/8905"}],"collection":[{"href":"https:\/\/karriere.cancom.de\/karriere-blog\/wp-json\/wp\/v2\/posts"}],"about":[{"href":"https:\/\/karriere.cancom.de\/karriere-blog\/wp-json\/wp\/v2\/types\/post"}],"author":[{"embeddable":true,"href":"https:\/\/karriere.cancom.de\/karriere-blog\/wp-json\/wp\/v2\/users\/38"}],"replies":[{"embeddable":true,"href":"https:\/\/karriere.cancom.de\/karriere-blog\/wp-json\/wp\/v2\/comments?post=8905"}],"version-history":[{"count":1,"href":"https:\/\/karriere.cancom.de\/karriere-blog\/wp-json\/wp\/v2\/posts\/8905\/revisions"}],"predecessor-version":[{"id":8909,"href":"https:\/\/karriere.cancom.de\/karriere-blog\/wp-json\/wp\/v2\/posts\/8905\/revisions\/8909"}],"wp:featuredmedia":[{"embeddable":true,"href":"https:\/\/karriere.cancom.de\/karriere-blog\/wp-json\/wp\/v2\/media\/8906"}],"wp:attachment":[{"href":"https:\/\/karriere.cancom.de\/karriere-blog\/wp-json\/wp\/v2\/media?parent=8905"}],"wp:term":[{"taxonomy":"category","embeddable":true,"href":"https:\/\/karriere.cancom.de\/karriere-blog\/wp-json\/wp\/v2\/categories?post=8905"},{"taxonomy":"post_tag","embeddable":true,"href":"https:\/\/karriere.cancom.de\/karriere-blog\/wp-json\/wp\/v2\/tags?post=8905"},{"taxonomy":"post_sichtbarkeit","embeddable":true,"href":"https:\/\/karriere.cancom.de\/karriere-blog\/wp-json\/wp\/v2\/post_sichtbarkeit?post=8905"},{"taxonomy":"post_beitragsformat","embeddable":true,"href":"https:\/\/karriere.cancom.de\/karriere-blog\/wp-json\/wp\/v2\/post_beitragsformat?post=8905"},{"taxonomy":"post_bereich","embeddable":true,"href":"https:\/\/karriere.cancom.de\/karriere-blog\/wp-json\/wp\/v2\/post_bereich?post=8905"},{"taxonomy":"post_sprungmarke","embeddable":true,"href":"https:\/\/karriere.cancom.de\/karriere-blog\/wp-json\/wp\/v2\/post_sprungmarke?post=8905"},{"taxonomy":"post_ansicht","embeddable":true,"href":"https:\/\/karriere.cancom.de\/karriere-blog\/wp-json\/wp\/v2\/post_ansicht?post=8905"},{"taxonomy":"post_contentview","embeddable":true,"href":"https:\/\/karriere.cancom.de\/karriere-blog\/wp-json\/wp\/v2\/post_contentview?post=8905"},{"taxonomy":"post_interview","embeddable":true,"href":"https:\/\/karriere.cancom.de\/karriere-blog\/wp-json\/wp\/v2\/post_interview?post=8905"},{"taxonomy":"post_lesedauer","embeddable":true,"href":"https:\/\/karriere.cancom.de\/karriere-blog\/wp-json\/wp\/v2\/post_lesedauer?post=8905"},{"taxonomy":"post_seite","embeddable":true,"href":"https:\/\/karriere.cancom.de\/karriere-blog\/wp-json\/wp\/v2\/post_seite?post=8905"},{"taxonomy":"post_keywordtags","embeddable":true,"href":"https:\/\/karriere.cancom.de\/karriere-blog\/wp-json\/wp\/v2\/post_keywordtags?post=8905"},{"taxonomy":"autoren","embeddable":true,"href":"https:\/\/karriere.cancom.de\/karriere-blog\/wp-json\/wp\/v2\/autoren?post=8905"}],"curies":[{"name":"wp","href":"https:\/\/api.w.org\/{rel}","templated":true}]}}